{"id":4488,"date":"2019-03-07T12:51:33","date_gmt":"2019-03-07T11:51:33","guid":{"rendered":"https:\/\/www.flatsmadridproinca.com\/madridfansblog\/?p=4488"},"modified":"2025-06-26T10:27:30","modified_gmt":"2025-06-26T08:27:30","slug":"year-lorca-madrid-2019","status":"publish","type":"post","link":"https:\/\/www.flatsmadridproinca.com\/madridfansblog\/year-lorca-madrid-2019\/","title":{"rendered":"YEAR LORCA MADRID 2019"},"content":{"rendered":"<p>The Granadian poet Federico Garc\u00eda Lorca arrived in Madrid in 1919 and, to commemorate the <strong>100th anniversary of Lorca&#8217;s arrival in Madrid<\/strong>, the city wants to pay homage to such a marked date with an agenda full of activities.\u00a0<!--more--><\/p>\n<p>The <strong>cultural programming Lorca Madrid 2019<\/strong> that takes place throughout this year, contains very varied experiences, from major conferences to exhibitions and even a film marathon. However, it is in the theatre and in the music that the universal poet will be remembered for his work, as well as for his influential figure.<\/p>\n<h2><strong>Theatre programme Lorca Madrid 2019<\/strong><\/h2>\n<p>The theatrical work of Lorca significantly influenced the Spanish and Madrid collective identity since its first work was released in 1920, The Hex of the Butterfly (\u201cEl maleficio de la mariposa\u201d), in the Eslava Theater.<\/p>\n<p>The success of later performances such as \u201cBodas de sangre\u201d (1933) or \u201cYerma\u201d (1934) attest to the strong connection established by Madrid with the poet&#8217;s play not only then, but after his death.<\/p>\n<p>Now, the Madrilenian scenarios want to return the look to the Granadian through several creative proposals that deepen their life.<\/p>\n<ul>\n<li>\n<h3><strong>10, 11 and 13 March Lullabies at Teatros del Canal de Madrid<\/strong><\/h3>\n<\/li>\n<\/ul>\n<p>\u201cTeatralia\u201d, which will take place from March 8 to 31 in different areas of the city, has included in its program \u201cCanciones de cuna\u201d, a dramatized conference, with dance and singing, by Hugo P\u00e9rez de la Pica, which will be performed at \u201cTeatros del Canal\u201d on March 10, 11 and 13<\/p>\n<ul>\n<li>\n<h3><strong>From March 20 to April 7 Federico to Lorca in Teatros del Canal<\/strong><\/h3>\n<\/li>\n<\/ul>\n<p>Federico Garc\u00eda Lorca, co-production of \u201cLa Joven Compa\u00f1\u00eda\u201d and the Community of Madrid, will take place from March 20 to April 7 at \u201cTeatros del Canal\u201d. The work, with live music, will review the life of Lorca from his arrival at the \u201cResidencia de Estudiantes\u201d until his death, and he will do so through a large number of texts by the poet.<\/p>\n<ul>\n<li>\n<h3><strong>March 30 Lorca at The Night of the Madrid Theaters<\/strong><\/h3>\n<\/li>\n<\/ul>\n<p>On March 30, on the occasion of the celebration of Madrid&#8217;s Night of theaters, the Royal Mail House will host a tour of different theatrical and musical adaptations of the works of Lorca, including \u201cBodas de sangre\u201d or \u201cAmor de Don Perlimpl\u00edn con Belisa en su jard\u00edn\u201d. Cristina Rosenvinge will interpret Ballad of Silver, \u201cBodas de sangre\u201d and \u201cBernarda Alba\u201d.<\/p>\n<ul>\n<li>\n<h3><strong>April 26 exclusive previews of Lorca in The Night of the Books<\/strong><\/h3>\n<\/li>\n<\/ul>\n<p>The Night of the Books, on April 26, will also pay homage to Lorca through two exclusive previews: \u201cLunas de Nueva York\u201d and \u201cLuna Grande\u201d, a tango by Garc\u00eda Lorca; a sound fiction, a tribute concert and a \u201cHondo Encuentro\u201d, very deep, with flamenco figures such as Alberto Conejero, V\u00edctor Fern\u00e1ndez and Miguel Poveda. The events will happen in different parts of Madrid.<\/p>\n<ul>\n<li>\n<h3><strong>From May 3 to 5 Federico&#8217;s dream at Teatros del Canal<\/strong><\/h3>\n<\/li>\n<\/ul>\n<p>From May 3 to 5 there will be a continued tribute to the word of Lorca that will consist of 11 consecutive performances under the title Federico&#8217;s dream also in \u201cTeatros del Canal\u201d. The passes will be made from Friday to Sunday from 1:00 p.m. to 12:00 p.m.<\/p>\n<ul>\n<li>\n<h3><strong>From November 15 to December 29 Lorca in the Autumn Festival and in Madrid in Dance<\/strong><\/h3>\n<\/li>\n<\/ul>\n<p>Finally and before the end of the year, the Autumn Festival, which will be held from November 15 to December 1, and Madrid in Dance, from December 3 to December 29, will also devote several representations to the figure of the artist.<\/p>\n<h2><strong>Musical programme in homage to Lorca in Madrid 2019<\/strong><\/h2>\n<p>And from the theater we go to the tables a year of music to pay tribute to Lorca in Madrid with several\u00a0performances that explore the life and work of Lorca through flamenco.<\/p>\n<ul>\n<li>\n<h3><strong>From the 5th to the 13th of June Festival Suma Flamenca<\/strong><\/h3>\n<\/li>\n<\/ul>\n<p>It is the example of the \u201cSuma Flamenca festival\u201d, which will run from June 5 to 13 and includes \u201cPoema del Cante Jondo\u201d programming and a children&#8217;s workshop for children between 7 and 10 years old named The Hex of the Butterfly.<\/p>\n<ul>\n<li>\n<h3><strong>From March 7 to April 13, the International Festival of Sacred Art of the Community of Madrid<\/strong><\/h3>\n<\/li>\n<\/ul>\n<p>\u201cSuma Flamenca\u201d is not the only great musical event that surrenders to Federico Garc\u00eda Lorca, the International Festival of Sacred Art of the Community of Madrid will present, from March 7 to April 13, Theory and Duende game, eight concerts by Mar\u00eda Berasarte, Pepe Rivero, Paco Ib\u00e1\u00f1ez, Sole\u00e1 Morente, Mar\u00eda Jos\u00e9 Llergo, the Tr\u00edo Arb\u00f3s and Rafael de Utrera, Rosa Torres-Pardo and Mar\u00eda Toledo with Lorca as protagonist.<\/p>\n<h2><strong>Conferences Year Lorca in Madrid 2019<\/strong><\/h2>\n<p>The female characters in the work of Federico Garc\u00eda Lorca. This is the theme that will address our latest proposal for a year full of Lorca art.<\/p>\n<p>These are two of the conferences that will be held in the Women in the Arts cycle and will be entitled: &#8220;Year Lorca: The role of women in the house of Bernarda Alba&#8221; and &#8220;Year Lorca: Female identity and motherhood in Yerma &#8221; Both will take place on March 19 in the hall of the \u201cSala Alcal\u00e1, 31\u201d.<\/p>\n<p>Our advice, whether or not you are in love with Lorca, is that you attend one of these artistic events in homage to the Granadian poet <strong>Federico Garc\u00eda Lorca in Madrid<\/strong>. If you are, because you will be passionate and, if not, because you will approach the work of an emblematic figure of our culture that, surely, will captivate you.<\/p>\n\n\n<div class=\"kk-star-ratings kksr-auto kksr-align-left kksr-valign-bottom\"\n    data-payload='{&quot;align&quot;:&quot;left&quot;,&quot;id&quot;:&quot;4488&quot;,&quot;slug&quot;:&quot;default&quot;,&quot;valign&quot;:&quot;bottom&quot;,&quot;ignore&quot;:&quot;&quot;,&quot;reference&quot;:&quot;auto&quot;,&quot;class&quot;:&quot;&quot;,&quot;count&quot;:&quot;0&quot;,&quot;legendonly&quot;:&quot;&quot;,&quot;readonly&quot;:&quot;&quot;,&quot;score&quot;:&quot;0&quot;,&quot;starsonly&quot;:&quot;&quot;,&quot;best&quot;:&quot;5&quot;,&quot;gap&quot;:&quot;1&quot;,&quot;greet&quot;:&quot;Rate this article&quot;,&quot;legend&quot;:&quot;0\\\/5 - (0 votes)&quot;,&quot;size&quot;:&quot;24&quot;,&quot;title&quot;:&quot;YEAR LORCA MADRID 2019&quot;,&quot;width&quot;:&quot;0&quot;,&quot;_legend&quot;:&quot;{score}\\\/{best} - ({count} {votes})&quot;,&quot;font_factor&quot;:&quot;1.25&quot;}'>\n            \n<div class=\"kksr-stars\">\n    \n<div class=\"kksr-stars-inactive\">\n            <div class=\"kksr-star\" data-star=\"1\" style=\"padding-right: 1px\">\n            \n\n<div class=\"kksr-icon\" style=\"width: 24px; height: 24px;\"><\/div>\n        <\/div>\n            <div class=\"kksr-star\" data-star=\"2\" style=\"padding-right: 1px\">\n            \n\n<div class=\"kksr-icon\" style=\"width: 24px; height: 24px;\"><\/div>\n        <\/div>\n            <div class=\"kksr-star\" data-star=\"3\" style=\"padding-right: 1px\">\n            \n\n<div class=\"kksr-icon\" style=\"width: 24px; height: 24px;\"><\/div>\n        <\/div>\n            <div class=\"kksr-star\" data-star=\"4\" style=\"padding-right: 1px\">\n            \n\n<div class=\"kksr-icon\" style=\"width: 24px; height: 24px;\"><\/div>\n        <\/div>\n            <div class=\"kksr-star\" data-star=\"5\" style=\"padding-right: 1px\">\n            \n\n<div class=\"kksr-icon\" style=\"width: 24px; height: 24px;\"><\/div>\n        <\/div>\n    <\/div>\n    \n<div class=\"kksr-stars-active\" style=\"width: 0px;\">\n            <div class=\"kksr-star\" style=\"padding-right: 1px\">\n            \n\n<div class=\"kksr-icon\" style=\"width: 24px; height: 24px;\"><\/div>\n        <\/div>\n            <div class=\"kksr-star\" style=\"padding-right: 1px\">\n            \n\n<div class=\"kksr-icon\" style=\"width: 24px; height: 24px;\"><\/div>\n        <\/div>\n            <div class=\"kksr-star\" style=\"padding-right: 1px\">\n            \n\n<div class=\"kksr-icon\" style=\"width: 24px; height: 24px;\"><\/div>\n        <\/div>\n            <div class=\"kksr-star\" style=\"padding-right: 1px\">\n            \n\n<div class=\"kksr-icon\" style=\"width: 24px; height: 24px;\"><\/div>\n        <\/div>\n            <div class=\"kksr-star\" style=\"padding-right: 1px\">\n            \n\n<div class=\"kksr-icon\" style=\"width: 24px; height: 24px;\"><\/div>\n        <\/div>\n    <\/div>\n<\/div>\n                \n\n<div class=\"kksr-legend\" style=\"font-size: 19.2px;\">\n            <span class=\"kksr-muted\">Rate this article<\/span>\n    <\/div>\n    <\/div>\n","protected":false},"excerpt":{"rendered":"<p>The Granadian poet Federico Garc\u00eda Lorca arrived in Madrid in  [&#8230;]<\/p>\n","protected":false},"author":4,"featured_media":4489,"comment_status":"closed","ping_status":"closed","sticky":false,"template":"","format":"standard","meta":{"footnotes":""},"categories":[15],"tags":[],"class_list":["post-4488","post","type-post","status-publish","format-standard","has-post-thumbnail","hentry","category-living-madrid"],"yoast_head":"<!-- This site is optimized with the Yoast SEO plugin v27.4 - https:\/\/yoast.com\/product\/yoast-seo-wordpress\/ -->\n<title>Year Lorca Madrid 2019 blog Proinca Apartments<\/title>\n<meta name=\"description\" content=\"Year Lorca Madrid 2019: we tell you the cultural programme with theater premieres, music and conferences, discover and enjoy the Granadian poet!\" \/>\n<meta name=\"robots\" content=\"index, follow, max-snippet:-1, max-image-preview:large, max-video-preview:-1\" \/>\n<link rel=\"canonical\" href=\"https:\/\/www.flatsmadridproinca.com\/madridfansblog\/year-lorca-madrid-2019\/\" \/>\n<meta property=\"og:locale\" content=\"en_US\" \/>\n<meta property=\"og:type\" content=\"article\" \/>\n<meta property=\"og:title\" content=\"Year Lorca Madrid 2019 blog Proinca Apartments\" \/>\n<meta property=\"og:description\" content=\"Year Lorca Madrid 2019: we tell you the cultural programme with theater premieres, music and conferences, discover and enjoy the Granadian poet!\" \/>\n<meta property=\"og:url\" content=\"https:\/\/www.flatsmadridproinca.com\/madridfansblog\/year-lorca-madrid-2019\/\" \/>\n<meta property=\"og:site_name\" content=\"Blog Proinca Madrid\" \/>\n<meta property=\"article:published_time\" content=\"2019-03-07T11:51:33+00:00\" \/>\n<meta property=\"article:modified_time\" content=\"2025-06-26T08:27:30+00:00\" \/>\n<meta property=\"og:image\" content=\"https:\/\/www.flatsmadridproinca.com\/madridfansblog\/wp-content\/uploads\/2019\/03\/Year-Lorca-madrid-2019-1.jpg\" \/>\n\t<meta property=\"og:image:width\" content=\"700\" \/>\n\t<meta property=\"og:image:height\" content=\"350\" \/>\n\t<meta property=\"og:image:type\" content=\"image\/jpeg\" \/>\n<meta name=\"author\" content=\"Ana Calero\" \/>\n<meta name=\"twitter:card\" content=\"summary_large_image\" \/>\n<meta name=\"twitter:label1\" content=\"Written by\" \/>\n\t<meta name=\"twitter:data1\" content=\"Ana Calero\" \/>\n\t<meta name=\"twitter:label2\" content=\"Est. reading time\" \/>\n\t<meta name=\"twitter:data2\" content=\"4 minutes\" \/>\n<script type=\"application\/ld+json\" class=\"yoast-schema-graph\">{\"@context\":\"https:\\\/\\\/schema.org\",\"@graph\":[{\"@type\":\"Article\",\"@id\":\"https:\\\/\\\/www.flatsmadridproinca.com\\\/madridfansblog\\\/year-lorca-madrid-2019\\\/#article\",\"isPartOf\":{\"@id\":\"https:\\\/\\\/www.flatsmadridproinca.com\\\/madridfansblog\\\/year-lorca-madrid-2019\\\/\"},\"author\":{\"name\":\"Ana Calero\",\"@id\":\"https:\\\/\\\/www.flatsmadridproinca.com\\\/madridfansblog\\\/#\\\/schema\\\/person\\\/8401adc89c0a0f5a3574c43326247f1e\"},\"headline\":\"YEAR LORCA MADRID 2019\",\"datePublished\":\"2019-03-07T11:51:33+00:00\",\"dateModified\":\"2025-06-26T08:27:30+00:00\",\"mainEntityOfPage\":{\"@id\":\"https:\\\/\\\/www.flatsmadridproinca.com\\\/madridfansblog\\\/year-lorca-madrid-2019\\\/\"},\"wordCount\":897,\"publisher\":{\"@id\":\"https:\\\/\\\/www.flatsmadridproinca.com\\\/madridfansblog\\\/#organization\"},\"image\":{\"@id\":\"https:\\\/\\\/www.flatsmadridproinca.com\\\/madridfansblog\\\/year-lorca-madrid-2019\\\/#primaryimage\"},\"thumbnailUrl\":\"https:\\\/\\\/www.flatsmadridproinca.com\\\/madridfansblog\\\/wp-content\\\/uploads\\\/2019\\\/03\\\/Year-Lorca-madrid-2019-1.jpg\",\"articleSection\":[\"Living Madrid\"],\"inLanguage\":\"en-US\"},{\"@type\":\"WebPage\",\"@id\":\"https:\\\/\\\/www.flatsmadridproinca.com\\\/madridfansblog\\\/year-lorca-madrid-2019\\\/\",\"url\":\"https:\\\/\\\/www.flatsmadridproinca.com\\\/madridfansblog\\\/year-lorca-madrid-2019\\\/\",\"name\":\"Year Lorca Madrid 2019 blog Proinca Apartments\",\"isPartOf\":{\"@id\":\"https:\\\/\\\/www.flatsmadridproinca.com\\\/madridfansblog\\\/#website\"},\"primaryImageOfPage\":{\"@id\":\"https:\\\/\\\/www.flatsmadridproinca.com\\\/madridfansblog\\\/year-lorca-madrid-2019\\\/#primaryimage\"},\"image\":{\"@id\":\"https:\\\/\\\/www.flatsmadridproinca.com\\\/madridfansblog\\\/year-lorca-madrid-2019\\\/#primaryimage\"},\"thumbnailUrl\":\"https:\\\/\\\/www.flatsmadridproinca.com\\\/madridfansblog\\\/wp-content\\\/uploads\\\/2019\\\/03\\\/Year-Lorca-madrid-2019-1.jpg\",\"datePublished\":\"2019-03-07T11:51:33+00:00\",\"dateModified\":\"2025-06-26T08:27:30+00:00\",\"description\":\"Year Lorca Madrid 2019: we tell you the cultural programme with theater premieres, music and conferences, discover and enjoy the Granadian poet!\",\"inLanguage\":\"en-US\",\"potentialAction\":[{\"@type\":\"ReadAction\",\"target\":[\"https:\\\/\\\/www.flatsmadridproinca.com\\\/madridfansblog\\\/year-lorca-madrid-2019\\\/\"]}]},{\"@type\":\"ImageObject\",\"inLanguage\":\"en-US\",\"@id\":\"https:\\\/\\\/www.flatsmadridproinca.com\\\/madridfansblog\\\/year-lorca-madrid-2019\\\/#primaryimage\",\"url\":\"https:\\\/\\\/www.flatsmadridproinca.com\\\/madridfansblog\\\/wp-content\\\/uploads\\\/2019\\\/03\\\/Year-Lorca-madrid-2019-1.jpg\",\"contentUrl\":\"https:\\\/\\\/www.flatsmadridproinca.com\\\/madridfansblog\\\/wp-content\\\/uploads\\\/2019\\\/03\\\/Year-Lorca-madrid-2019-1.jpg\",\"width\":700,\"height\":350,\"caption\":\"Teatros del Canal de Madrid presents a theatre programme in the year Lorca Madrid 2019\"},{\"@type\":\"WebSite\",\"@id\":\"https:\\\/\\\/www.flatsmadridproinca.com\\\/madridfansblog\\\/#website\",\"url\":\"https:\\\/\\\/www.flatsmadridproinca.com\\\/madridfansblog\\\/\",\"name\":\"Madrid Fans Blog Proinca\",\"description\":\"Flats and apartments for rent in Madrid\",\"publisher\":{\"@id\":\"https:\\\/\\\/www.flatsmadridproinca.com\\\/madridfansblog\\\/#organization\"},\"potentialAction\":[{\"@type\":\"SearchAction\",\"target\":{\"@type\":\"EntryPoint\",\"urlTemplate\":\"https:\\\/\\\/www.flatsmadridproinca.com\\\/madridfansblog\\\/?s={search_term_string}\"},\"query-input\":{\"@type\":\"PropertyValueSpecification\",\"valueRequired\":true,\"valueName\":\"search_term_string\"}}],\"inLanguage\":\"en-US\"},{\"@type\":\"Organization\",\"@id\":\"https:\\\/\\\/www.flatsmadridproinca.com\\\/madridfansblog\\\/#organization\",\"name\":\"Proinca\",\"url\":\"https:\\\/\\\/www.flatsmadridproinca.com\\\/madridfansblog\\\/\",\"logo\":{\"@type\":\"ImageObject\",\"inLanguage\":\"en-US\",\"@id\":\"https:\\\/\\\/www.flatsmadridproinca.com\\\/madridfansblog\\\/#\\\/schema\\\/logo\\\/image\\\/\",\"url\":\"https:\\\/\\\/www.flatsmadridproinca.com\\\/madridfansblog\\\/wp-content\\\/uploads\\\/2022\\\/03\\\/logo-proinca.jpg\",\"contentUrl\":\"https:\\\/\\\/www.flatsmadridproinca.com\\\/madridfansblog\\\/wp-content\\\/uploads\\\/2022\\\/03\\\/logo-proinca.jpg\",\"width\":522,\"height\":250,\"caption\":\"Proinca\"},\"image\":{\"@id\":\"https:\\\/\\\/www.flatsmadridproinca.com\\\/madridfansblog\\\/#\\\/schema\\\/logo\\\/image\\\/\"}},{\"@type\":\"Person\",\"@id\":\"https:\\\/\\\/www.flatsmadridproinca.com\\\/madridfansblog\\\/#\\\/schema\\\/person\\\/8401adc89c0a0f5a3574c43326247f1e\",\"name\":\"Ana Calero\",\"image\":{\"@type\":\"ImageObject\",\"inLanguage\":\"en-US\",\"@id\":\"https:\\\/\\\/www.flatsmadridproinca.com\\\/madridfansblog\\\/wp-content\\\/litespeed\\\/avatar\\\/ef51b25c0718910f475570320941ef46.jpg?ver=1777409626\",\"url\":\"https:\\\/\\\/www.flatsmadridproinca.com\\\/madridfansblog\\\/wp-content\\\/litespeed\\\/avatar\\\/ef51b25c0718910f475570320941ef46.jpg?ver=1777409626\",\"contentUrl\":\"https:\\\/\\\/www.flatsmadridproinca.com\\\/madridfansblog\\\/wp-content\\\/litespeed\\\/avatar\\\/ef51b25c0718910f475570320941ef46.jpg?ver=1777409626\",\"caption\":\"Ana Calero\"},\"description\":\"Degree in Business Studies from the Autonomous University of Madrid. She is part of the Proinca Apartments team and is a lover of Madrid.\",\"sameAs\":[\"https:\\\/\\\/www.flatsmadridproinca.com\\\/madridfansblog\\\/ana-calero\\\/\"]}]}<\/script>\n<!-- \/ Yoast SEO plugin. -->","yoast_head_json":{"title":"Year Lorca Madrid 2019 blog Proinca Apartments","description":"Year Lorca Madrid 2019: we tell you the cultural programme with theater premieres, music and conferences, discover and enjoy the Granadian poet!","robots":{"index":"index","follow":"follow","max-snippet":"max-snippet:-1","max-image-preview":"max-image-preview:large","max-video-preview":"max-video-preview:-1"},"canonical":"https:\/\/www.flatsmadridproinca.com\/madridfansblog\/year-lorca-madrid-2019\/","og_locale":"en_US","og_type":"article","og_title":"Year Lorca Madrid 2019 blog Proinca Apartments","og_description":"Year Lorca Madrid 2019: we tell you the cultural programme with theater premieres, music and conferences, discover and enjoy the Granadian poet!","og_url":"https:\/\/www.flatsmadridproinca.com\/madridfansblog\/year-lorca-madrid-2019\/","og_site_name":"Blog Proinca Madrid","article_published_time":"2019-03-07T11:51:33+00:00","article_modified_time":"2025-06-26T08:27:30+00:00","og_image":[{"width":700,"height":350,"url":"https:\/\/www.flatsmadridproinca.com\/madridfansblog\/wp-content\/uploads\/2019\/03\/Year-Lorca-madrid-2019-1.jpg","type":"image\/jpeg"}],"author":"Ana Calero","twitter_card":"summary_large_image","twitter_misc":{"Written by":"Ana Calero","Est. reading time":"4 minutes"},"schema":{"@context":"https:\/\/schema.org","@graph":[{"@type":"Article","@id":"https:\/\/www.flatsmadridproinca.com\/madridfansblog\/year-lorca-madrid-2019\/#article","isPartOf":{"@id":"https:\/\/www.flatsmadridproinca.com\/madridfansblog\/year-lorca-madrid-2019\/"},"author":{"name":"Ana Calero","@id":"https:\/\/www.flatsmadridproinca.com\/madridfansblog\/#\/schema\/person\/8401adc89c0a0f5a3574c43326247f1e"},"headline":"YEAR LORCA MADRID 2019","datePublished":"2019-03-07T11:51:33+00:00","dateModified":"2025-06-26T08:27:30+00:00","mainEntityOfPage":{"@id":"https:\/\/www.flatsmadridproinca.com\/madridfansblog\/year-lorca-madrid-2019\/"},"wordCount":897,"publisher":{"@id":"https:\/\/www.flatsmadridproinca.com\/madridfansblog\/#organization"},"image":{"@id":"https:\/\/www.flatsmadridproinca.com\/madridfansblog\/year-lorca-madrid-2019\/#primaryimage"},"thumbnailUrl":"https:\/\/www.flatsmadridproinca.com\/madridfansblog\/wp-content\/uploads\/2019\/03\/Year-Lorca-madrid-2019-1.jpg","articleSection":["Living Madrid"],"inLanguage":"en-US"},{"@type":"WebPage","@id":"https:\/\/www.flatsmadridproinca.com\/madridfansblog\/year-lorca-madrid-2019\/","url":"https:\/\/www.flatsmadridproinca.com\/madridfansblog\/year-lorca-madrid-2019\/","name":"Year Lorca Madrid 2019 blog Proinca Apartments","isPartOf":{"@id":"https:\/\/www.flatsmadridproinca.com\/madridfansblog\/#website"},"primaryImageOfPage":{"@id":"https:\/\/www.flatsmadridproinca.com\/madridfansblog\/year-lorca-madrid-2019\/#primaryimage"},"image":{"@id":"https:\/\/www.flatsmadridproinca.com\/madridfansblog\/year-lorca-madrid-2019\/#primaryimage"},"thumbnailUrl":"https:\/\/www.flatsmadridproinca.com\/madridfansblog\/wp-content\/uploads\/2019\/03\/Year-Lorca-madrid-2019-1.jpg","datePublished":"2019-03-07T11:51:33+00:00","dateModified":"2025-06-26T08:27:30+00:00","description":"Year Lorca Madrid 2019: we tell you the cultural programme with theater premieres, music and conferences, discover and enjoy the Granadian poet!","inLanguage":"en-US","potentialAction":[{"@type":"ReadAction","target":["https:\/\/www.flatsmadridproinca.com\/madridfansblog\/year-lorca-madrid-2019\/"]}]},{"@type":"ImageObject","inLanguage":"en-US","@id":"https:\/\/www.flatsmadridproinca.com\/madridfansblog\/year-lorca-madrid-2019\/#primaryimage","url":"https:\/\/www.flatsmadridproinca.com\/madridfansblog\/wp-content\/uploads\/2019\/03\/Year-Lorca-madrid-2019-1.jpg","contentUrl":"https:\/\/www.flatsmadridproinca.com\/madridfansblog\/wp-content\/uploads\/2019\/03\/Year-Lorca-madrid-2019-1.jpg","width":700,"height":350,"caption":"Teatros del Canal de Madrid presents a theatre programme in the year Lorca Madrid 2019"},{"@type":"WebSite","@id":"https:\/\/www.flatsmadridproinca.com\/madridfansblog\/#website","url":"https:\/\/www.flatsmadridproinca.com\/madridfansblog\/","name":"Madrid Fans Blog Proinca","description":"Flats and apartments for rent in Madrid","publisher":{"@id":"https:\/\/www.flatsmadridproinca.com\/madridfansblog\/#organization"},"potentialAction":[{"@type":"SearchAction","target":{"@type":"EntryPoint","urlTemplate":"https:\/\/www.flatsmadridproinca.com\/madridfansblog\/?s={search_term_string}"},"query-input":{"@type":"PropertyValueSpecification","valueRequired":true,"valueName":"search_term_string"}}],"inLanguage":"en-US"},{"@type":"Organization","@id":"https:\/\/www.flatsmadridproinca.com\/madridfansblog\/#organization","name":"Proinca","url":"https:\/\/www.flatsmadridproinca.com\/madridfansblog\/","logo":{"@type":"ImageObject","inLanguage":"en-US","@id":"https:\/\/www.flatsmadridproinca.com\/madridfansblog\/#\/schema\/logo\/image\/","url":"https:\/\/www.flatsmadridproinca.com\/madridfansblog\/wp-content\/uploads\/2022\/03\/logo-proinca.jpg","contentUrl":"https:\/\/www.flatsmadridproinca.com\/madridfansblog\/wp-content\/uploads\/2022\/03\/logo-proinca.jpg","width":522,"height":250,"caption":"Proinca"},"image":{"@id":"https:\/\/www.flatsmadridproinca.com\/madridfansblog\/#\/schema\/logo\/image\/"}},{"@type":"Person","@id":"https:\/\/www.flatsmadridproinca.com\/madridfansblog\/#\/schema\/person\/8401adc89c0a0f5a3574c43326247f1e","name":"Ana Calero","image":{"@type":"ImageObject","inLanguage":"en-US","@id":"https:\/\/www.flatsmadridproinca.com\/madridfansblog\/wp-content\/litespeed\/avatar\/ef51b25c0718910f475570320941ef46.jpg?ver=1777409626","url":"https:\/\/www.flatsmadridproinca.com\/madridfansblog\/wp-content\/litespeed\/avatar\/ef51b25c0718910f475570320941ef46.jpg?ver=1777409626","contentUrl":"https:\/\/www.flatsmadridproinca.com\/madridfansblog\/wp-content\/litespeed\/avatar\/ef51b25c0718910f475570320941ef46.jpg?ver=1777409626","caption":"Ana Calero"},"description":"Degree in Business Studies from the Autonomous University of Madrid. She is part of the Proinca Apartments team and is a lover of Madrid.","sameAs":["https:\/\/www.flatsmadridproinca.com\/madridfansblog\/ana-calero\/"]}]}},"_links":{"self":[{"href":"https:\/\/www.flatsmadridproinca.com\/madridfansblog\/wp-json\/wp\/v2\/posts\/4488","targetHints":{"allow":["GET"]}}],"collection":[{"href":"https:\/\/www.flatsmadridproinca.com\/madridfansblog\/wp-json\/wp\/v2\/posts"}],"about":[{"href":"https:\/\/www.flatsmadridproinca.com\/madridfansblog\/wp-json\/wp\/v2\/types\/post"}],"author":[{"embeddable":true,"href":"https:\/\/www.flatsmadridproinca.com\/madridfansblog\/wp-json\/wp\/v2\/users\/4"}],"replies":[{"embeddable":true,"href":"https:\/\/www.flatsmadridproinca.com\/madridfansblog\/wp-json\/wp\/v2\/comments?post=4488"}],"version-history":[{"count":3,"href":"https:\/\/www.flatsmadridproinca.com\/madridfansblog\/wp-json\/wp\/v2\/posts\/4488\/revisions"}],"predecessor-version":[{"id":4491,"href":"https:\/\/www.flatsmadridproinca.com\/madridfansblog\/wp-json\/wp\/v2\/posts\/4488\/revisions\/4491"}],"wp:featuredmedia":[{"embeddable":true,"href":"https:\/\/www.flatsmadridproinca.com\/madridfansblog\/wp-json\/wp\/v2\/media\/4489"}],"wp:attachment":[{"href":"https:\/\/www.flatsmadridproinca.com\/madridfansblog\/wp-json\/wp\/v2\/media?parent=4488"}],"wp:term":[{"taxonomy":"category","embeddable":true,"href":"https:\/\/www.flatsmadridproinca.com\/madridfansblog\/wp-json\/wp\/v2\/categories?post=4488"},{"taxonomy":"post_tag","embeddable":true,"href":"https:\/\/www.flatsmadridproinca.com\/madridfansblog\/wp-json\/wp\/v2\/tags?post=4488"}],"curies":[{"name":"wp","href":"https:\/\/api.w.org\/{rel}","templated":true}]}}